{"id":6459,"date":"2018-07-20T09:00:40","date_gmt":"2018-07-20T14:00:40","guid":{"rendered":"http:\/\/www.arcus-global.com\/wp\/?p=6459"},"modified":"2019-10-18T16:28:19","modified_gmt":"2019-10-18T21:28:19","slug":"arquitectura-bionica-concepto-usos-y-ejemplos","status":"publish","type":"post","link":"https:\/\/www.arcus-global.com\/wp\/arquitectura-bionica-concepto-usos-y-ejemplos\/","title":{"rendered":"Arquitectura bi\u00f3nica: concepto, usos y ejemplos"},"content":{"rendered":"<p class=\"articulo-subtitulo\" style=\"text-align: justify;\">Bajo el mantra \u201cla naturaleza lo hizo antes y lo hizo mejor\u201d este modelo de construcci\u00f3n cercano a la biolog\u00eda tiene un l\u00edder mundial: el madrile\u00f1o Javier Pioz<\/p>\n<p style=\"text-align: justify;\">La\u00a0arquitectura bi\u00f3nica\u00a0comienza hace 20 a\u00f1os. Quienes siguen esta corriente acu\u00f1aron una m\u00e1xima de los a\u00f1os sesenta que dec\u00eda: \u201cLa naturaleza lo hizo antes y lo hizo mejor\u201d. Porque en esto se basa esta corriente constructiva que une biolog\u00eda, tecnolog\u00eda y arquitectura, en buscar respuestas\u00a0<em>edificables<\/em>\u00a0basadas en el aprendizaje que obtenemos de la naturaleza.<\/p>\n<p style=\"text-align: center;\"><em>L\u00e9ase tambi\u00e9n:\u00a0<strong><a href=\"http:\/\/www.arcus-global.com\/wp\/cuales-son-las-barreras-arquitectonicas\/\">\u00bfCu\u00e1les son las barreras arquitect\u00f3nicas?<\/a><\/strong><\/em><\/p>\n<div id=\"elpais_gpt-INTEXT\" data-google-query-id=\"CPKsk6-6qdwCFc4YgQodzIEPDw\">\n<div id=\"google_ads_iframe_\/7811748\/elpais_icon_web\/tag\/intext_0__container__\" style=\"text-align: justify;\">En Espa\u00f1a hay un arquitecto,\u00a0Javier Pioz\u00a0(Madrid, 1954), que es l\u00edder mundial en esta disciplina. Con estudio en Madrid y oficinas en Shangh\u00e1i (China) y Pune (India), y galardonado con el Pritzer de Asia, el Golden Global Award, Pioz reconoce que la palabra bi\u00f3nico \u201cpuede tener un sonido esot\u00e9rico\u201d para algunos o\u00eddos, aunque reconoce que hoy est\u00e1 mucho m\u00e1s implantada en nuestra conciencia gracias al auge de lo\u00a0<em>bio.<\/em><\/div>\n<blockquote class=\"instagram-media\" style=\"background: #FFF; border: 0; border-radius: 3px; box-shadow: 0 0 1px 0 rgba(0,0,0,0.5),0 1px 10px 0 rgba(0,0,0,0.15); margin: 1px; max-width: 540px; min-width: 326px; padding: 0; width: calc(100% - 2px);\" data-instgrm-permalink=\"https:\/\/www.instagram.com\/p\/Bc71G-UDQGw\/\" data-instgrm-version=\"9\">\n<div style=\"padding: 8px;\">\n<div style=\"background: #F8F8F8; line-height: 0; margin-top: 40px; padding: 50% 0; text-align: center; width: 100%;\">\n<div style=\"background: url(data:image\/png; base64,ivborw0kggoaaaansuheugaaacwaaaascamaaaapwqozaaaabgdbtueaalgpc\/xhbqaaaafzukdcak7ohokaaaamuexurczmzpf399fx1+bm5mzy9amaaadisurbvdjlvzxbesmgces5\/p8\/t9furvcrmu73jwlzosgsiizurcjo\/ad+eqjjb4hv8bft+idpqocx1wjosbfhh2xssxeiyn3uli\/6mnree07uiwjev8ueowds88ly97kqytlijkktuybbruayvh5wohixmpi5we58ek028czwyuqdlkpg1bkb4nnm+veanfhqn1k4+gpt6ugqcvu2h2ovuif\/gwufyy8owepdyzsa3avcqpvovvzzz2vtnn2wu8qzvjddeto90gsy9mvlqtgysy231mxry6i2ggqjrty0l8fxcxfcbbhwrsyyaaaaaelftksuqmcc); display: block; height: 44px; margin: 0 auto -44px; position: relative; top: -22px; width: 44px;\"><\/div>\n<\/div>\n<p style=\"color: #c9c8cd; font-family: Arial,sans-serif; font-size: 14px; line-height: 17px; margin-bottom: 0; margin-top: 8px; overflow: hidden; padding: 8px 0 7px; text-align: center; text-overflow: ellipsis; white-space: nowrap;\"><a style=\"color: #c9c8cd; font-family: Arial,sans-serif; font-size: 14px; font-style: normal; font-weight: normal; line-height: 17px; text-decoration: none;\" href=\"https:\/\/www.instagram.com\/p\/Bc71G-UDQGw\/\" target=\"_blank\" rel=\"noopener noreferrer\">Una publicaci\u00f3n compartida de Bulat (@bs_fv)<\/a> el <time style=\"font-family: Arial,sans-serif; font-size: 14px; line-height: 17px;\" datetime=\"2017-12-20T18:54:33+00:00\">20 Dic, 2017 a las 10:54 PST<\/time><\/p>\n<\/div>\n<\/blockquote>\n<p><script async=\"\" defer=\"\" src=\"\/\/www.instagram.com\/embed.js\"><\/script><\/p>\n<div>\n<h3 style=\"text-align: justify;\">Estructuras como peces<\/h3>\n<p style=\"text-align: justify;\">\u201cLa naturaleza siempre ha buscado el equilibrio entre todos sus seres vivos a partir de dos m\u00e1ximas: ahorrar material y energ\u00eda\u201d, explica el arquitecto. \u201cEs casi obligatorio que aprendamos c\u00f3mo funcionan los mecanismos en la naturaleza y saquemos nuestras propias conclusiones\u201d. A eso se dedica desde hace dos d\u00e9cadas: a aplicar ese conocimiento a edificios y arquitecturas m\u00e1s eficientes y conscientes.<\/p>\n<p style=\"text-align: center;\"><em>L\u00e9ase tambi\u00e9n:\u00a0<strong><a href=\"http:\/\/www.arcus-global.com\/wp\/cual-es-el-futuro-en-la-arquitectura\/\">\u00bfCu\u00e1l es el futuro en la arquitectura?<\/a><\/strong><\/em><\/p>\n<p style=\"text-align: justify;\">De hecho, su \u00faltimo proyecto, reci\u00e9n inaugurado en Calcuta (India), The Westin &amp; The V Twin Towers, son dos torres de 177 metros de altura, cuya planta se inspir\u00f3 en la estructura de las v\u00e9rtebras de los peces, y fue concebido con una bio-estructura resistente a la torsi\u00f3n \u2013similar a las espinas de un pez\u2013.<\/p>\n<blockquote class=\"instagram-media\" style=\"background: #FFF; border: 0; border-radius: 3px; box-shadow: 0 0 1px 0 rgba(0,0,0,0.5),0 1px 10px 0 rgba(0,0,0,0.15); margin: 1px; max-width: 540px; min-width: 326px; padding: 0; width: calc(100% - 2px);\" data-instgrm-permalink=\"https:\/\/www.instagram.com\/p\/BH9AUiYg9GV\/\" data-instgrm-version=\"9\">\n<div style=\"padding: 8px;\">\n<div style=\"background: #F8F8F8; line-height: 0; margin-top: 40px; padding: 33.5% 0; text-align: center; width: 100%;\">\n<div style=\"background: url(data:image\/png; base64,ivborw0kggoaaaansuheugaaacwaaaascamaaaapwqozaaaabgdbtueaalgpc\/xhbqaaaafzukdcak7ohokaaaamuexurczmzpf399fx1+bm5mzy9amaaadisurbvdjlvzxbesmgces5\/p8\/t9furvcrmu73jwlzosgsiizurcjo\/ad+eqjjb4hv8bft+idpqocx1wjosbfhh2xssxeiyn3uli\/6mnree07uiwjev8ueowds88ly97kqytlijkktuybbruayvh5wohixmpi5we58ek028czwyuqdlkpg1bkb4nnm+veanfhqn1k4+gpt6ugqcvu2h2ovuif\/gwufyy8owepdyzsa3avcqpvovvzzz2vtnn2wu8qzvjddeto90gsy9mvlqtgysy231mxry6i2ggqjrty0l8fxcxfcbbhwrsyyaaaaaelftksuqmcc); display: block; height: 44px; margin: 0 auto -44px; position: relative; top: -22px; width: 44px;\"><\/div>\n<\/div>\n<p style=\"color: #c9c8cd; font-family: Arial,sans-serif; font-size: 14px; line-height: 17px; margin-bottom: 0; margin-top: 8px; overflow: hidden; padding: 8px 0 7px; text-align: center; text-overflow: ellipsis; white-space: nowrap;\"><a style=\"color: #c9c8cd; font-family: Arial,sans-serif; font-size: 14px; font-style: normal; font-weight: normal; line-height: 17px; text-decoration: none;\" href=\"https:\/\/www.instagram.com\/p\/BH9AUiYg9GV\/\" target=\"_blank\" rel=\"noopener noreferrer\">Una publicaci\u00f3n compartida de ARCHITECT (@yousefianvar)<\/a> el <time style=\"font-family: Arial,sans-serif; font-size: 14px; line-height: 17px;\" datetime=\"2016-07-17T06:52:29+00:00\">16 Jul, 2016 a las 11:52 PDT<\/time><\/p>\n<\/div>\n<\/blockquote>\n<p><script async=\"\" defer=\"\" src=\"\/\/www.instagram.com\/embed.js\"><\/script><\/p>\n<h3 style=\"text-align: justify;\">Una torre en Shangh\u00e1i<\/h3>\n<p style=\"text-align: justify;\">\u201cMuchos de los objetos que usamos cotidianamente provienen de la investigaci\u00f3n de fen\u00f3menos similares a la naturaleza, aunque las personas que lo usan no son conscientes de ello. Lo bi\u00f3nico hoy es menos evidente, pero m\u00e1s aplicable\u201d, a\u00f1ade el arquitecto. Su proyecto futuro m\u00e1s ambicioso es una Torre Bi\u00f3nica de 1.228 metros de altura en 300 pisos en\u00a0Shangh\u00e1i,\u00a0pero asegura que sus ense\u00f1anzas son aplicables aqu\u00ed y ahora.<\/p>\n<p style=\"text-align: center;\"><em>L\u00e9ase tambi\u00e9n:\u00a0<strong><a href=\"http:\/\/www.arcus-global.com\/wp\/ecotecnias-en-un-proyecto-arquitectonico\/\">Ecot\u00e9cnias en un proyecto arquitect\u00f3nico<\/a><\/strong><\/em><\/p>\n<p style=\"text-align: justify;\">De hecho, algunas construcciones bi\u00f3nicas que ha firmado Pioz est\u00e1n en Espa\u00f1a, como la sede de la Embajada de la Rep\u00fablica Popular China (Madrid), el Club de Tenis Juan Couder en Aravaca (Madrid) o el hospital Santa Isabel Health Care Center (Zaragoza), entre otros. Edificaciones eficientes, mucho antes de que la eficiencia no fuera cuestionada en la arquitectura.<\/p>\n<blockquote class=\"instagram-media\" style=\"background: #FFF; border: 0; border-radius: 3px; box-shadow: 0 0 1px 0 rgba(0,0,0,0.5),0 1px 10px 0 rgba(0,0,0,0.15); margin: 1px; max-width: 540px; min-width: 326px; padding: 0; width: calc(100% - 2px);\" data-instgrm-permalink=\"https:\/\/www.instagram.com\/p\/BlSK76jgl6O\/\" data-instgrm-version=\"9\">\n<div style=\"padding: 8px;\">\n<div style=\"background: #F8F8F8; line-height: 0; margin-top: 40px; padding: 61.85185185185185% 0; text-align: center; width: 100%;\">\n<div style=\"background: url(data:image\/png; base64,ivborw0kggoaaaansuheugaaacwaaaascamaaaapwqozaaaabgdbtueaalgpc\/xhbqaaaafzukdcak7ohokaaaamuexurczmzpf399fx1+bm5mzy9amaaadisurbvdjlvzxbesmgces5\/p8\/t9furvcrmu73jwlzosgsiizurcjo\/ad+eqjjb4hv8bft+idpqocx1wjosbfhh2xssxeiyn3uli\/6mnree07uiwjev8ueowds88ly97kqytlijkktuybbruayvh5wohixmpi5we58ek028czwyuqdlkpg1bkb4nnm+veanfhqn1k4+gpt6ugqcvu2h2ovuif\/gwufyy8owepdyzsa3avcqpvovvzzz2vtnn2wu8qzvjddeto90gsy9mvlqtgysy231mxry6i2ggqjrty0l8fxcxfcbbhwrsyyaaaaaelftksuqmcc); display: block; height: 44px; margin: 0 auto -44px; position: relative; top: -22px; width: 44px;\"><\/div>\n<\/div>\n<p style=\"color: #c9c8cd; font-family: Arial,sans-serif; font-size: 14px; line-height: 17px; margin-bottom: 0; margin-top: 8px; overflow: hidden; padding: 8px 0 7px; text-align: center; text-overflow: ellipsis; white-space: nowrap;\"><a style=\"color: #c9c8cd; font-family: Arial,sans-serif; font-size: 14px; font-style: normal; font-weight: normal; line-height: 17px; text-decoration: none;\" href=\"https:\/\/www.instagram.com\/p\/BlSK76jgl6O\/\" target=\"_blank\" rel=\"noopener noreferrer\">Una publicaci\u00f3n compartida de Shanghai Instagram \u00a9?? (@insshanghai)<\/a> el <time style=\"font-family: Arial,sans-serif; font-size: 14px; line-height: 17px;\" datetime=\"2018-07-16T07:19:43+00:00\">16 Jul, 2018 a las 12:19 PDT<\/time><\/p>\n<\/div>\n<\/blockquote>\n<p><script async=\"\" defer=\"\" src=\"\/\/www.instagram.com\/embed.js\"><\/script><\/p>\n<p style=\"text-align: justify;\">Pero\u00a0Pioz\u00a0no habla solo de construcciones nuevas, tambi\u00e9n de recuperar y adaptar, bajo sus principios, los ya edificados: \u201cNuestras ciudades est\u00e1n compuestas de muchos barrios que, con el paso del tiempo, van qued\u00e1ndose obsoletos y se destruyen. Es entonces cuando se puede actuar. No se trata de construir en los m\u00e1rgenes de las ciudades, sino de transformar los espacios de esa ciudad de manera m\u00e1s sostenible\u201d<\/p>\n<p style=\"text-align: justify;\">\u00bfUn ejemplo pr\u00e1ctico? \u201cHace a\u00f1os que en Shangh\u00e1i comprendieron la necesidad de convertir espacios en jardines. No s\u00e9 si todas las ciudades del futuro ser\u00e1n bi\u00f3nicas, pero creo que s\u00ed ser\u00e1n verdes\u201d.<\/p>\n<p style=\"text-align: right;\"><em>Por Mario Saiz<br \/>\n<\/em><em>Texto recuperado el 18 de julio del 2018 de\u00a0elpais.com<\/em><\/p>\n<\/div>\n<\/div>\n","protected":false},"excerpt":{"rendered":"<p>Bajo el mantra \u201cla naturaleza lo hizo antes y lo hizo mejor\u201d este modelo de construcci\u00f3n cercano a la biolog\u00eda tiene un l\u00edder mundial: el madrile\u00f1o Javier Pioz La\u00a0arquitectura bi\u00f3nica\u00a0comienza hace 20 a\u00f1os. Quienes siguen esta corriente acu\u00f1aron una m\u00e1xima de los a\u00f1os sesenta que dec\u00eda: \u201cLa naturaleza lo hizo [&hellip;]<\/p>\n","protected":false},"author":2,"featured_media":4283,"comment_status":"closed","ping_status":"open","sticky":false,"template":"","format":"standard","meta":{"footnotes":""},"categories":[279],"tags":[28,57,1295,22,837,288,61,34],"class_list":["post-6459","post","type-post","status-publish","format-standard","has-post-thumbnail","hentry","category-arquitectura","tag-arcotechos","tag-arquitectura","tag-arquitectura-bionica","tag-construccion","tag-cubiertas-autoportantes","tag-infraestructura","tag-ingenieria-civil","tag-techos"],"aioseo_notices":[],"aioseo_head":"\n\t\t<!-- All in One SEO 5.0.1.1 - aioseo.com -->\n\t<meta name=\"description\" content=\"La arquitectura bi\u00f3nica comienza hace 20 a\u00f1os. Quienes siguen esta corriente acu\u00f1aron una m\u00e1xima de los a\u00f1os sesenta que dec\u00eda: \u201cLa naturaleza lo hizo antes y lo hizo mejor\u201d.\" \/>\n\t<meta name=\"robots\" content=\"max-image-preview:large\" \/>\n\t<meta name=\"author\" content=\"Redaccion Arcus Global\"\/>\n\t<meta name=\"google-site-verification\" content=\"1u9hR2-LrlpL-xwbv_H7X76ijI0d0tGC5nvA2WZrdVk\" \/>\n\t<meta name=\"keywords\" content=\"arquitectura bionica,arquitectura,construccion,infraestructura,ingenieria civil,arcotechos,techos,cubiertas autoportantes,construcci\u00f3n,ingenier\u00eda civil\" \/>\n\t<link rel=\"canonical\" href=\"https:\/\/www.arcus-global.com\/wp\/arquitectura-bionica-concepto-usos-y-ejemplos\/\" \/>\n\t<meta name=\"generator\" content=\"All in One SEO (AIOSEO) 5.0.1.1\" \/>\n\t\t<meta property=\"og:locale\" content=\"es_ES\" \/>\n\t\t<meta property=\"og:site_name\" content=\"Arcus Global\" \/>\n\t\t<meta property=\"og:type\" content=\"article\" \/>\n\t\t<meta property=\"og:title\" content=\"Arquitectura bi\u00f3nica: concepto, usos y ejemplos\" \/>\n\t\t<meta property=\"og:description\" content=\"La arquitectura bi\u00f3nica comienza hace 20 a\u00f1os. Quienes siguen esta corriente acu\u00f1aron una m\u00e1xima de los a\u00f1os sesenta que dec\u00eda: \u201cLa naturaleza lo hizo antes y lo hizo mejor\u201d.\" \/>\n\t\t<meta property=\"og:url\" content=\"https:\/\/www.arcus-global.com\/wp\/arquitectura-bionica-concepto-usos-y-ejemplos\/\" \/>\n\t\t<meta property=\"og:image\" content=\"https:\/\/www.arcus-global.com\/wp\/wp-content\/uploads\/2017\/02\/Centro-Lakhta-San-Petersburgo-arcus-global-1.jpg\" \/>\n\t\t<meta property=\"og:image:secure_url\" content=\"https:\/\/www.arcus-global.com\/wp\/wp-content\/uploads\/2017\/02\/Centro-Lakhta-San-Petersburgo-arcus-global-1.jpg\" \/>\n\t\t<meta property=\"og:image:width\" content=\"940\" \/>\n\t\t<meta property=\"og:image:height\" content=\"530\" \/>\n\t\t<meta property=\"article:published_time\" content=\"2018-07-20T14:00:40+00:00\" \/>\n\t\t<meta property=\"article:modified_time\" content=\"2019-10-18T21:28:19+00:00\" \/>\n\t\t<meta name=\"twitter:card\" content=\"summary_large_image\" \/>\n\t\t<meta name=\"twitter:title\" content=\"Arquitectura bi\u00f3nica: concepto, usos y ejemplos\" \/>\n\t\t<meta name=\"twitter:description\" content=\"La arquitectura bi\u00f3nica comienza hace 20 a\u00f1os. Quienes siguen esta corriente acu\u00f1aron una m\u00e1xima de los a\u00f1os sesenta que dec\u00eda: \u201cLa naturaleza lo hizo antes y lo hizo mejor\u201d.\" \/>\n\t\t<meta name=\"twitter:image\" content=\"https:\/\/www.arcus-global.com\/wp\/wp-content\/uploads\/2017\/02\/Centro-Lakhta-San-Petersburgo-arcus-global-1.jpg\" \/>\n\t\t<script type=\"application\/ld+json\" class=\"aioseo-schema\">\n\t\t\t{\"@context\":\"https:\\\/\\\/schema.org\",\"@graph\":[{\"@type\":\"Article\",\"@id\":\"https:\\\/\\\/www.arcus-global.com\\\/wp\\\/arquitectura-bionica-concepto-usos-y-ejemplos\\\/#article\",\"name\":\"Arquitectura bi\\u00f3nica: concepto, usos y ejemplos | Arcus Global\",\"headline\":\"Arquitectura bi\\u00f3nica: concepto, usos y ejemplos\",\"author\":{\"@id\":\"https:\\\/\\\/www.arcus-global.com\\\/wp\\\/author\\\/redaccion\\\/#author\"},\"publisher\":{\"@id\":\"https:\\\/\\\/www.arcus-global.com\\\/wp\\\/#organization\"},\"image\":{\"@type\":\"ImageObject\",\"url\":\"https:\\\/\\\/www.arcus-global.com\\\/wp\\\/wp-content\\\/uploads\\\/2017\\\/02\\\/Centro-Lakhta-San-Petersburgo-arcus-global-1.jpg\",\"width\":940,\"height\":530,\"caption\":\"Edificio alto en 2017\"},\"datePublished\":\"2018-07-20T09:00:40-05:00\",\"dateModified\":\"2019-10-18T16:28:19-05:00\",\"inLanguage\":\"es-ES\",\"mainEntityOfPage\":{\"@id\":\"https:\\\/\\\/www.arcus-global.com\\\/wp\\\/arquitectura-bionica-concepto-usos-y-ejemplos\\\/#webpage\"},\"isPartOf\":{\"@id\":\"https:\\\/\\\/www.arcus-global.com\\\/wp\\\/arquitectura-bionica-concepto-usos-y-ejemplos\\\/#webpage\"},\"articleSection\":\"Arquitectura, Arcotechos, Arquitectura, arquitectura bionica, Construcci\\u00f3n, cubiertas autoportantes, infraestructura, Ingenier\\u00eda Civil, Techos\"},{\"@type\":\"BreadcrumbList\",\"@id\":\"https:\\\/\\\/www.arcus-global.com\\\/wp\\\/arquitectura-bionica-concepto-usos-y-ejemplos\\\/#breadcrumblist\",\"itemListElement\":[{\"@type\":\"ListItem\",\"@id\":\"https:\\\/\\\/www.arcus-global.com\\\/wp#listItem\",\"position\":1,\"name\":\"Inicio\",\"item\":\"https:\\\/\\\/www.arcus-global.com\\\/wp\",\"nextItem\":{\"@type\":\"ListItem\",\"@id\":\"https:\\\/\\\/www.arcus-global.com\\\/wp\\\/category\\\/arquitectura\\\/#listItem\",\"name\":\"Arquitectura\"}},{\"@type\":\"ListItem\",\"@id\":\"https:\\\/\\\/www.arcus-global.com\\\/wp\\\/category\\\/arquitectura\\\/#listItem\",\"position\":2,\"name\":\"Arquitectura\",\"item\":\"https:\\\/\\\/www.arcus-global.com\\\/wp\\\/category\\\/arquitectura\\\/\",\"nextItem\":{\"@type\":\"ListItem\",\"@id\":\"https:\\\/\\\/www.arcus-global.com\\\/wp\\\/arquitectura-bionica-concepto-usos-y-ejemplos\\\/#listItem\",\"name\":\"Arquitectura bi\\u00f3nica: concepto, usos y ejemplos\"},\"previousItem\":{\"@type\":\"ListItem\",\"@id\":\"https:\\\/\\\/www.arcus-global.com\\\/wp#listItem\",\"name\":\"Inicio\"}},{\"@type\":\"ListItem\",\"@id\":\"https:\\\/\\\/www.arcus-global.com\\\/wp\\\/arquitectura-bionica-concepto-usos-y-ejemplos\\\/#listItem\",\"position\":3,\"name\":\"Arquitectura bi\\u00f3nica: concepto, usos y ejemplos\",\"previousItem\":{\"@type\":\"ListItem\",\"@id\":\"https:\\\/\\\/www.arcus-global.com\\\/wp\\\/category\\\/arquitectura\\\/#listItem\",\"name\":\"Arquitectura\"}}]},{\"@type\":\"Organization\",\"@id\":\"https:\\\/\\\/www.arcus-global.com\\\/wp\\\/#organization\",\"name\":\"Arcus Global\",\"description\":\"Arcotechos  y cubiertas autoportantes\",\"url\":\"https:\\\/\\\/www.arcus-global.com\\\/wp\\\/\",\"logo\":{\"@type\":\"ImageObject\",\"url\":\"https:\\\/\\\/www.arcus-global.com\\\/wp\\\/wp-content\\\/uploads\\\/2021\\\/03\\\/logo-arcus-global-.png\",\"@id\":\"https:\\\/\\\/www.arcus-global.com\\\/wp\\\/arquitectura-bionica-concepto-usos-y-ejemplos\\\/#organizationLogo\",\"width\":112,\"height\":41,\"caption\":\"Arcus Global Logo\"},\"image\":{\"@id\":\"https:\\\/\\\/www.arcus-global.com\\\/wp\\\/arquitectura-bionica-concepto-usos-y-ejemplos\\\/#organizationLogo\"}},{\"@type\":\"Person\",\"@id\":\"https:\\\/\\\/www.arcus-global.com\\\/wp\\\/author\\\/redaccion\\\/#author\",\"url\":\"https:\\\/\\\/www.arcus-global.com\\\/wp\\\/author\\\/redaccion\\\/\",\"name\":\"Redaccion Arcus Global\"},{\"@type\":\"WebPage\",\"@id\":\"https:\\\/\\\/www.arcus-global.com\\\/wp\\\/arquitectura-bionica-concepto-usos-y-ejemplos\\\/#webpage\",\"url\":\"https:\\\/\\\/www.arcus-global.com\\\/wp\\\/arquitectura-bionica-concepto-usos-y-ejemplos\\\/\",\"name\":\"Arquitectura bi\\u00f3nica: concepto, usos y ejemplos | Arcus Global\",\"description\":\"La arquitectura bi\\u00f3nica comienza hace 20 a\\u00f1os. Quienes siguen esta corriente acu\\u00f1aron una m\\u00e1xima de los a\\u00f1os sesenta que dec\\u00eda: \\u201cLa naturaleza lo hizo antes y lo hizo mejor\\u201d.\",\"inLanguage\":\"es-ES\",\"isPartOf\":{\"@id\":\"https:\\\/\\\/www.arcus-global.com\\\/wp\\\/#website\"},\"breadcrumb\":{\"@id\":\"https:\\\/\\\/www.arcus-global.com\\\/wp\\\/arquitectura-bionica-concepto-usos-y-ejemplos\\\/#breadcrumblist\"},\"author\":{\"@id\":\"https:\\\/\\\/www.arcus-global.com\\\/wp\\\/author\\\/redaccion\\\/#author\"},\"creator\":{\"@id\":\"https:\\\/\\\/www.arcus-global.com\\\/wp\\\/author\\\/redaccion\\\/#author\"},\"image\":{\"@type\":\"ImageObject\",\"url\":\"https:\\\/\\\/www.arcus-global.com\\\/wp\\\/wp-content\\\/uploads\\\/2017\\\/02\\\/Centro-Lakhta-San-Petersburgo-arcus-global-1.jpg\",\"@id\":\"https:\\\/\\\/www.arcus-global.com\\\/wp\\\/arquitectura-bionica-concepto-usos-y-ejemplos\\\/#mainImage\",\"width\":940,\"height\":530,\"caption\":\"Edificio alto en 2017\"},\"primaryImageOfPage\":{\"@id\":\"https:\\\/\\\/www.arcus-global.com\\\/wp\\\/arquitectura-bionica-concepto-usos-y-ejemplos\\\/#mainImage\"},\"datePublished\":\"2018-07-20T09:00:40-05:00\",\"dateModified\":\"2019-10-18T16:28:19-05:00\"},{\"@type\":\"WebSite\",\"@id\":\"https:\\\/\\\/www.arcus-global.com\\\/wp\\\/#website\",\"url\":\"https:\\\/\\\/www.arcus-global.com\\\/wp\\\/\",\"name\":\"Arcus Global\",\"description\":\"Arcotechos  y cubiertas autoportantes\",\"inLanguage\":\"es-ES\",\"publisher\":{\"@id\":\"https:\\\/\\\/www.arcus-global.com\\\/wp\\\/#organization\"}}]}\n\t\t<\/script>\n\t\t<!-- All in One SEO -->\n\n","aioseo_head_json":{"title":"Arquitectura bi\u00f3nica: concepto, usos y ejemplos | Arcus Global","description":"La arquitectura bi\u00f3nica comienza hace 20 a\u00f1os. Quienes siguen esta corriente acu\u00f1aron una m\u00e1xima de los a\u00f1os sesenta que dec\u00eda: \u201cLa naturaleza lo hizo antes y lo hizo mejor\u201d.","canonical_url":"https:\/\/www.arcus-global.com\/wp\/arquitectura-bionica-concepto-usos-y-ejemplos\/","robots":"max-image-preview:large","keywords":"arquitectura bionica,arquitectura,construccion,infraestructura,ingenieria civil,arcotechos,techos,cubiertas autoportantes,construcci\u00f3n,ingenier\u00eda civil","webmasterTools":{"google-site-verification":"1u9hR2-LrlpL-xwbv_H7X76ijI0d0tGC5nvA2WZrdVk","miscellaneous":""},"schema":{"@context":"https:\/\/schema.org","@graph":[{"@type":"Article","@id":"https:\/\/www.arcus-global.com\/wp\/arquitectura-bionica-concepto-usos-y-ejemplos\/#article","name":"Arquitectura bi\u00f3nica: concepto, usos y ejemplos | Arcus Global","headline":"Arquitectura bi\u00f3nica: concepto, usos y ejemplos","author":{"@id":"https:\/\/www.arcus-global.com\/wp\/author\/redaccion\/#author"},"publisher":{"@id":"https:\/\/www.arcus-global.com\/wp\/#organization"},"image":{"@type":"ImageObject","url":"https:\/\/www.arcus-global.com\/wp\/wp-content\/uploads\/2017\/02\/Centro-Lakhta-San-Petersburgo-arcus-global-1.jpg","width":940,"height":530,"caption":"Edificio alto en 2017"},"datePublished":"2018-07-20T09:00:40-05:00","dateModified":"2019-10-18T16:28:19-05:00","inLanguage":"es-ES","mainEntityOfPage":{"@id":"https:\/\/www.arcus-global.com\/wp\/arquitectura-bionica-concepto-usos-y-ejemplos\/#webpage"},"isPartOf":{"@id":"https:\/\/www.arcus-global.com\/wp\/arquitectura-bionica-concepto-usos-y-ejemplos\/#webpage"},"articleSection":"Arquitectura, Arcotechos, Arquitectura, arquitectura bionica, Construcci\u00f3n, cubiertas autoportantes, infraestructura, Ingenier\u00eda Civil, Techos"},{"@type":"BreadcrumbList","@id":"https:\/\/www.arcus-global.com\/wp\/arquitectura-bionica-concepto-usos-y-ejemplos\/#breadcrumblist","itemListElement":[{"@type":"ListItem","@id":"https:\/\/www.arcus-global.com\/wp#listItem","position":1,"name":"Inicio","item":"https:\/\/www.arcus-global.com\/wp","nextItem":{"@type":"ListItem","@id":"https:\/\/www.arcus-global.com\/wp\/category\/arquitectura\/#listItem","name":"Arquitectura"}},{"@type":"ListItem","@id":"https:\/\/www.arcus-global.com\/wp\/category\/arquitectura\/#listItem","position":2,"name":"Arquitectura","item":"https:\/\/www.arcus-global.com\/wp\/category\/arquitectura\/","nextItem":{"@type":"ListItem","@id":"https:\/\/www.arcus-global.com\/wp\/arquitectura-bionica-concepto-usos-y-ejemplos\/#listItem","name":"Arquitectura bi\u00f3nica: concepto, usos y ejemplos"},"previousItem":{"@type":"ListItem","@id":"https:\/\/www.arcus-global.com\/wp#listItem","name":"Inicio"}},{"@type":"ListItem","@id":"https:\/\/www.arcus-global.com\/wp\/arquitectura-bionica-concepto-usos-y-ejemplos\/#listItem","position":3,"name":"Arquitectura bi\u00f3nica: concepto, usos y ejemplos","previousItem":{"@type":"ListItem","@id":"https:\/\/www.arcus-global.com\/wp\/category\/arquitectura\/#listItem","name":"Arquitectura"}}]},{"@type":"Organization","@id":"https:\/\/www.arcus-global.com\/wp\/#organization","name":"Arcus Global","description":"Arcotechos  y cubiertas autoportantes","url":"https:\/\/www.arcus-global.com\/wp\/","logo":{"@type":"ImageObject","url":"https:\/\/www.arcus-global.com\/wp\/wp-content\/uploads\/2021\/03\/logo-arcus-global-.png","@id":"https:\/\/www.arcus-global.com\/wp\/arquitectura-bionica-concepto-usos-y-ejemplos\/#organizationLogo","width":112,"height":41,"caption":"Arcus Global Logo"},"image":{"@id":"https:\/\/www.arcus-global.com\/wp\/arquitectura-bionica-concepto-usos-y-ejemplos\/#organizationLogo"}},{"@type":"Person","@id":"https:\/\/www.arcus-global.com\/wp\/author\/redaccion\/#author","url":"https:\/\/www.arcus-global.com\/wp\/author\/redaccion\/","name":"Redaccion Arcus Global"},{"@type":"WebPage","@id":"https:\/\/www.arcus-global.com\/wp\/arquitectura-bionica-concepto-usos-y-ejemplos\/#webpage","url":"https:\/\/www.arcus-global.com\/wp\/arquitectura-bionica-concepto-usos-y-ejemplos\/","name":"Arquitectura bi\u00f3nica: concepto, usos y ejemplos | Arcus Global","description":"La arquitectura bi\u00f3nica comienza hace 20 a\u00f1os. Quienes siguen esta corriente acu\u00f1aron una m\u00e1xima de los a\u00f1os sesenta que dec\u00eda: \u201cLa naturaleza lo hizo antes y lo hizo mejor\u201d.","inLanguage":"es-ES","isPartOf":{"@id":"https:\/\/www.arcus-global.com\/wp\/#website"},"breadcrumb":{"@id":"https:\/\/www.arcus-global.com\/wp\/arquitectura-bionica-concepto-usos-y-ejemplos\/#breadcrumblist"},"author":{"@id":"https:\/\/www.arcus-global.com\/wp\/author\/redaccion\/#author"},"creator":{"@id":"https:\/\/www.arcus-global.com\/wp\/author\/redaccion\/#author"},"image":{"@type":"ImageObject","url":"https:\/\/www.arcus-global.com\/wp\/wp-content\/uploads\/2017\/02\/Centro-Lakhta-San-Petersburgo-arcus-global-1.jpg","@id":"https:\/\/www.arcus-global.com\/wp\/arquitectura-bionica-concepto-usos-y-ejemplos\/#mainImage","width":940,"height":530,"caption":"Edificio alto en 2017"},"primaryImageOfPage":{"@id":"https:\/\/www.arcus-global.com\/wp\/arquitectura-bionica-concepto-usos-y-ejemplos\/#mainImage"},"datePublished":"2018-07-20T09:00:40-05:00","dateModified":"2019-10-18T16:28:19-05:00"},{"@type":"WebSite","@id":"https:\/\/www.arcus-global.com\/wp\/#website","url":"https:\/\/www.arcus-global.com\/wp\/","name":"Arcus Global","description":"Arcotechos  y cubiertas autoportantes","inLanguage":"es-ES","publisher":{"@id":"https:\/\/www.arcus-global.com\/wp\/#organization"}}]},"og:locale":"es_ES","og:site_name":"Arcus Global","og:type":"article","og:title":"Arquitectura bi\u00f3nica: concepto, usos y ejemplos","og:description":"La arquitectura bi\u00f3nica comienza hace 20 a\u00f1os. Quienes siguen esta corriente acu\u00f1aron una m\u00e1xima de los a\u00f1os sesenta que dec\u00eda: \u201cLa naturaleza lo hizo antes y lo hizo mejor\u201d.","og:url":"https:\/\/www.arcus-global.com\/wp\/arquitectura-bionica-concepto-usos-y-ejemplos\/","og:image":"https:\/\/www.arcus-global.com\/wp\/wp-content\/uploads\/2017\/02\/Centro-Lakhta-San-Petersburgo-arcus-global-1.jpg","og:image:secure_url":"https:\/\/www.arcus-global.com\/wp\/wp-content\/uploads\/2017\/02\/Centro-Lakhta-San-Petersburgo-arcus-global-1.jpg","og:image:width":940,"og:image:height":530,"article:published_time":"2018-07-20T14:00:40+00:00","article:modified_time":"2019-10-18T21:28:19+00:00","twitter:card":"summary_large_image","twitter:title":"Arquitectura bi\u00f3nica: concepto, usos y ejemplos","twitter:description":"La arquitectura bi\u00f3nica comienza hace 20 a\u00f1os. Quienes siguen esta corriente acu\u00f1aron una m\u00e1xima de los a\u00f1os sesenta que dec\u00eda: \u201cLa naturaleza lo hizo antes y lo hizo mejor\u201d.","twitter:image":"https:\/\/www.arcus-global.com\/wp\/wp-content\/uploads\/2017\/02\/Centro-Lakhta-San-Petersburgo-arcus-global-1.jpg"},"aioseo_meta_data":{"post_id":"6459","title":"Arquitectura bi\u00f3nica: concepto, usos y ejemplos  | #site_title","description":"La arquitectura bi\u00f3nica comienza hace 20 a\u00f1os. Quienes siguen esta corriente acu\u00f1aron una m\u00e1xima de los a\u00f1os sesenta que dec\u00eda: \u201cLa naturaleza lo hizo antes y lo hizo mejor\u201d.","keywords":[{"label":"arquitectura bionica","value":"arquitectura bionica"},{"label":"arquitectura","value":"arquitectura"},{"label":"construccion","value":"construccion"},{"label":"infraestructura","value":"infraestructura"},{"label":"ingenieria civil","value":"ingenieria civil"},{"label":"arcotechos","value":"arcotechos"},{"label":"techos","value":"techos"},{"label":"cubiertas autoportantes","value":"cubiertas autoportantes"}],"keyphrases":null,"primary_term":null,"canonical_url":null,"og_title":"Arquitectura bi\u00f3nica: concepto, usos y ejemplos","og_description":"La arquitectura bi\u00f3nica comienza hace 20 a\u00f1os. Quienes siguen esta corriente acu\u00f1aron una m\u00e1xima de los a\u00f1os sesenta que dec\u00eda: \u201cLa naturaleza lo hizo antes y lo hizo mejor\u201d.","og_object_type":"article","og_image_type":"default","og_image_url":null,"og_image_width":null,"og_image_height":null,"og_image_custom_url":null,"og_image_custom_fields":null,"og_video":"","og_custom_url":null,"og_article_section":"","og_article_tags":"","twitter_use_og":false,"twitter_card":"summary_large_image","twitter_image_type":"default","twitter_image_url":null,"twitter_image_custom_url":null,"twitter_image_custom_fields":null,"twitter_title":null,"twitter_description":null,"schema":{"blockGraphs":[],"customGraphs":[],"default":{"data":{"Article":[],"Course":[],"Dataset":[],"FAQPage":[],"Movie":[],"Person":[],"Product":[],"ProductReview":[],"Car":[],"Recipe":[],"Service":[],"SoftwareApplication":[],"WebPage":[]},"graphName":"","isEnabled":true},"graphs":[]},"schema_type":null,"schema_type_options":null,"pillar_content":false,"robots_default":true,"robots_noindex":false,"robots_noarchive":false,"robots_nosnippet":false,"robots_nofollow":false,"robots_noimageindex":false,"robots_noodp":false,"robots_notranslate":false,"robots_max_snippet":null,"robots_max_videopreview":null,"robots_max_imagepreview":"large","priority":null,"frequency":null,"location":null,"local_seo":null,"breadcrumb_settings":null,"limit_modified_date":false,"ai":null,"created":"2020-12-22 18:46:44","updated":"2025-06-10 00:03:43","seo_analyzer_scan_date":null,"focus_keyword":null,"additional_keywords":null,"truseo_locale":null},"_links":{"self":[{"href":"https:\/\/www.arcus-global.com\/wp\/wp-json\/wp\/v2\/posts\/6459","targetHints":{"allow":["GET"]}}],"collection":[{"href":"https:\/\/www.arcus-global.com\/wp\/wp-json\/wp\/v2\/posts"}],"about":[{"href":"https:\/\/www.arcus-global.com\/wp\/wp-json\/wp\/v2\/types\/post"}],"author":[{"embeddable":true,"href":"https:\/\/www.arcus-global.com\/wp\/wp-json\/wp\/v2\/users\/2"}],"replies":[{"embeddable":true,"href":"https:\/\/www.arcus-global.com\/wp\/wp-json\/wp\/v2\/comments?post=6459"}],"version-history":[{"count":4,"href":"https:\/\/www.arcus-global.com\/wp\/wp-json\/wp\/v2\/posts\/6459\/revisions"}],"predecessor-version":[{"id":7761,"href":"https:\/\/www.arcus-global.com\/wp\/wp-json\/wp\/v2\/posts\/6459\/revisions\/7761"}],"wp:featuredmedia":[{"embeddable":true,"href":"https:\/\/www.arcus-global.com\/wp\/wp-json\/wp\/v2\/media\/4283"}],"wp:attachment":[{"href":"https:\/\/www.arcus-global.com\/wp\/wp-json\/wp\/v2\/media?parent=6459"}],"wp:term":[{"taxonomy":"category","embeddable":true,"href":"https:\/\/www.arcus-global.com\/wp\/wp-json\/wp\/v2\/categories?post=6459"},{"taxonomy":"post_tag","embeddable":true,"href":"https:\/\/www.arcus-global.com\/wp\/wp-json\/wp\/v2\/tags?post=6459"}],"curies":[{"name":"wp","href":"https:\/\/api.w.org\/{rel}","templated":true}]}}